{"id":4206,"date":"2023-05-17T06:56:10","date_gmt":"2023-05-17T06:56:10","guid":{"rendered":"https:\/\/incus.es\/subvencion-de-programa-de-ayudas-a-la-promocion-exterior-de-la-comunitat-valenciana-2\/"},"modified":"2023-05-17T11:18:15","modified_gmt":"2023-05-17T11:18:15","slug":"subvencion-de-programa-de-ayudas-a-la-promocion-exterior-de-la-comunitat-valenciana","status":"publish","type":"post","link":"https:\/\/incus.es\/es\/subvencion-de-programa-de-ayudas-a-la-promocion-exterior-de-la-comunitat-valenciana\/","title":{"rendered":"Subvenci\u00f3n de la Conseller\u00eda de Econom\u00eda Sostenible, Sectores Productivos, Comercio y Trabajo."},"content":{"rendered":"\n<p><strong>Incus Technology S.L.<\/strong> ha recibido de la Conseller\u00eda de Econom\u00eda Sostenible, Sectores Productivos, Comercio y Trabajo una subvenci\u00f3n por el expediente <strong>INTPRM\/2022\/887<\/strong> &#8211; programa de ayudas a la promoci\u00f3n exterior de la comunitat valenciana para el ejercicio 2022.<\/p>\n","protected":false},"excerpt":{"rendered":"<p>Incus Technology S.L. ha recibido una subvenci\u00f3n de la conseller\u00eda de econom\u00eda sostenible, sectores productivos, comercio y trabajo.<\/p>\n","protected":false},"author":1,"featured_media":4200,"comment_status":"closed","ping_status":"closed","sticky":false,"template":"","format":"standard","meta":{"footnotes":""},"categories":[240],"tags":[],"_links":{"self":[{"href":"https:\/\/incus.es\/es\/wp-json\/wp\/v2\/posts\/4206"}],"collection":[{"href":"https:\/\/incus.es\/es\/wp-json\/wp\/v2\/posts"}],"about":[{"href":"https:\/\/incus.es\/es\/wp-json\/wp\/v2\/types\/post"}],"author":[{"embeddable":true,"href":"https:\/\/incus.es\/es\/wp-json\/wp\/v2\/users\/1"}],"replies":[{"embeddable":true,"href":"https:\/\/incus.es\/es\/wp-json\/wp\/v2\/comments?post=4206"}],"version-history":[{"count":0,"href":"https:\/\/incus.es\/es\/wp-json\/wp\/v2\/posts\/4206\/revisions"}],"wp:featuredmedia":[{"embeddable":true,"href":"https:\/\/incus.es\/es\/wp-json\/wp\/v2\/media\/4200"}],"wp:attachment":[{"href":"https:\/\/incus.es\/es\/wp-json\/wp\/v2\/media?parent=4206"}],"wp:term":[{"taxonomy":"category","embeddable":true,"href":"https:\/\/incus.es\/es\/wp-json\/wp\/v2\/categories?post=4206"},{"taxonomy":"post_tag","embeddable":true,"href":"https:\/\/incus.es\/es\/wp-json\/wp\/v2\/tags?post=4206"}],"curies":[{"name":"wp","href":"https:\/\/api.w.org\/{rel}","templated":true}]}}