{"id":3856,"date":"2022-02-14T10:00:01","date_gmt":"2022-02-14T10:00:01","guid":{"rendered":"https:\/\/incus.es\/?p=3856"},"modified":"2022-03-18T07:55:09","modified_gmt":"2022-03-18T07:55:09","slug":"reconocimiento-especial-de-cepyme-como-una-de-las-500-empresas-que-lideran-el-crecimiento-empresarial-del-pais","status":"publish","type":"post","link":"https:\/\/incus.es\/es\/reconocimiento-especial-de-cepyme-como-una-de-las-500-empresas-que-lideran-el-crecimiento-empresarial-del-pais\/","title":{"rendered":"Reconocimiento especial de CEPYME como una de las 500 empresas que lideran el crecimiento empresarial del pa\u00eds."},"content":{"rendered":"<section  class='av_textblock_section av-kzs9ubuy-ca98b1d23bd50e3167bc9bc911eb88cd '   itemscope=\"itemscope\" itemtype=\"https:\/\/schema.org\/BlogPosting\" itemprop=\"blogPost\" ><div class='avia_textblock'  itemprop=\"text\" ><p><strong>INCUS<\/strong> ha recibido el reconocimiento especial por parte de La Confederaci\u00f3n Espa\u00f1ola de la peque\u00f1a y mediana empresa (CEPYME) como <strong>una de<\/strong> <strong>las 500 empresas que lideran el crecimiento empresarial del pa\u00eds<\/strong>.<\/p>\n<p>La Confederaci\u00f3n Espa\u00f1ola identifica y selecciona al conjunto de las 500 empresas lideres en crecimiento empresarial, bas\u00e1ndose en aspectos como:<\/p>\n<ul>\n<li>La capacidad de generar actividad y empleo.<\/li>\n<li>Potencial de innovaci\u00f3n.<\/li>\n<li>Proyecci\u00f3n internacional.<\/li>\n<li>Resultados de crecimiento.<\/li>\n<li>Valor a\u00f1adido y solvencia.<\/li>\n<\/ul>\n<p>En INCUS hemos recibido el sello <strong>CEPYME500<\/strong> que reconoce la pertenencia a este selecto conjunto de compa\u00f1\u00edas punteras.<\/p>\n<p>Estamos muy orgullosos por un gran trabajo en equipo de todos y cada uno de los que formamos INCUS.<\/p>\n<\/div><\/section>\n","protected":false},"excerpt":{"rendered":"<p>INCUS ha recibido el reconocimiento especial por parte de La Confederaci\u00f3n Espa\u00f1ola de la peque\u00f1a y mediana empresa (CEPYME) como una de las 500 empresas que lideran el crecimiento empresarial del pa\u00eds.<\/p>\n","protected":false},"author":1,"featured_media":3857,"comment_status":"closed","ping_status":"closed","sticky":false,"template":"","format":"standard","meta":{"footnotes":""},"categories":[209],"tags":[],"_links":{"self":[{"href":"https:\/\/incus.es\/es\/wp-json\/wp\/v2\/posts\/3856"}],"collection":[{"href":"https:\/\/incus.es\/es\/wp-json\/wp\/v2\/posts"}],"about":[{"href":"https:\/\/incus.es\/es\/wp-json\/wp\/v2\/types\/post"}],"author":[{"embeddable":true,"href":"https:\/\/incus.es\/es\/wp-json\/wp\/v2\/users\/1"}],"replies":[{"embeddable":true,"href":"https:\/\/incus.es\/es\/wp-json\/wp\/v2\/comments?post=3856"}],"version-history":[{"count":0,"href":"https:\/\/incus.es\/es\/wp-json\/wp\/v2\/posts\/3856\/revisions"}],"wp:featuredmedia":[{"embeddable":true,"href":"https:\/\/incus.es\/es\/wp-json\/wp\/v2\/media\/3857"}],"wp:attachment":[{"href":"https:\/\/incus.es\/es\/wp-json\/wp\/v2\/media?parent=3856"}],"wp:term":[{"taxonomy":"category","embeddable":true,"href":"https:\/\/incus.es\/es\/wp-json\/wp\/v2\/categories?post=3856"},{"taxonomy":"post_tag","embeddable":true,"href":"https:\/\/incus.es\/es\/wp-json\/wp\/v2\/tags?post=3856"}],"curies":[{"name":"wp","href":"https:\/\/api.w.org\/{rel}","templated":true}]}}